{"id":10359,"date":"2023-06-28T08:56:51","date_gmt":"2023-06-28T11:56:51","guid":{"rendered":"https:\/\/jm-metropole.com.br\/site\/?p=10359"},"modified":"2023-06-28T08:56:51","modified_gmt":"2023-06-28T11:56:51","slug":"cadastro-para-banco-de-racao-para-animais-sera-realizado-nesta-quarta-feira-28","status":"publish","type":"post","link":"https:\/\/jm-metropole.com.br\/site\/cadastro-para-banco-de-racao-para-animais-sera-realizado-nesta-quarta-feira-28\/","title":{"rendered":"Cadastro para banco de ra\u00e7\u00e3o para animais ser\u00e1 realizado nesta quarta-feira (28)"},"content":{"rendered":"<p>A\u00e7\u00e3o \u00e9 promovida das 9 \u00e0s 12 horas, e das 13 \u00e0s 16 horas, de maneira presencial na sede do Centro de Bem-Estar Animal<\/p>\n<p>A Secretaria Municipal de Sa\u00fade, por meio do Centro de Bem-Estar Animal de Po\u00e1 (Cebeap), realiza na quarta-feira (28\/06), das 9 \u00e0s 12 horas, e das 13 \u00e0s 16 horas, as inscri\u00e7\u00f5es para o banco de ra\u00e7\u00e3o para animais. O cadastro deve ser realizado de maneira presencial na sede do Centro.<\/p>\n<p>Para realizar a inscri\u00e7\u00e3o \u00e9 necess\u00e1rio apresentar RG e CPF, comprovante de resid\u00eancia e comprovante de renda, originais e c\u00f3pias, al\u00e9m de assinar uma autoriza\u00e7\u00e3o para uma visita dos agentes do Centro para comprovar a situa\u00e7\u00e3o de vulnerabilidade.<\/p>\n<p>A a\u00e7\u00e3o \u00e9 destinada aos protetores independentes previamente cadastrados, organiza\u00e7\u00f5es n\u00e3o governamentais voltadas para a causa animal declaradas de utilidade p\u00fablica, respons\u00e1veis em estado de vulnerabilidade social e animais em situa\u00e7\u00e3o de abandono.<\/p>\n<p>Segundo o respons\u00e1vel da Pasta, Alexandre Provisor, cada inscri\u00e7\u00e3o para o banco de ra\u00e7\u00e3o passar\u00e1 por uma avalia\u00e7\u00e3o. \u201cO Cebeap realizar\u00e1 uma an\u00e1lise para definir quais inscritos ter\u00e3o prioridade, baseado na quantidade de animais e condi\u00e7\u00f5es do mun\u00edcipe\u201d disse Provisor.<\/p>\n<p>O cadastro para o banco de ra\u00e7\u00e3o ser\u00e1 realizado nesta quarta-feira (28\/06), das 9 \u00e0s 12 horas, e das 13 \u00e0s 16 horas. O Cebeap est\u00e1 localizado na rua S\u00e3o Manoel, n\u00ba361, Vila Am\u00e9lia. Mais informa\u00e7\u00f5es podem ser obtidas pelo telefone: (11) 4638-1330.<\/p>\n<p>Foto: Secom \u2013 Po\u00e1<\/p>\n","protected":false},"excerpt":{"rendered":"<p>A\u00e7\u00e3o \u00e9 promovida das 9 \u00e0s 12 horas, e das 13 \u00e0s 16 horas, de maneira presencial na sede do Centro de Bem-Estar Animal A Secretaria Municipal de Sa\u00fade, por meio do Centro de Bem-Estar Animal de Po\u00e1 (Cebeap), realiza na quarta-feira (28\/06), das 9 \u00e0s 12 horas, e das 13 \u00e0s 16 horas, as [&hellip;]<\/p>\n","protected":false},"author":1,"featured_media":10360,"comment_status":"open","ping_status":"open","sticky":false,"template":"","format":"standard","meta":{"footnotes":""},"categories":[19],"tags":[],"class_list":{"0":"post-10359","1":"post","2":"type-post","3":"status-publish","4":"format-standard","5":"has-post-thumbnail","7":"category-poa"},"_links":{"self":[{"href":"https:\/\/jm-metropole.com.br\/site\/wp-json\/wp\/v2\/posts\/10359","targetHints":{"allow":["GET"]}}],"collection":[{"href":"https:\/\/jm-metropole.com.br\/site\/wp-json\/wp\/v2\/posts"}],"about":[{"href":"https:\/\/jm-metropole.com.br\/site\/wp-json\/wp\/v2\/types\/post"}],"author":[{"embeddable":true,"href":"https:\/\/jm-metropole.com.br\/site\/wp-json\/wp\/v2\/users\/1"}],"replies":[{"embeddable":true,"href":"https:\/\/jm-metropole.com.br\/site\/wp-json\/wp\/v2\/comments?post=10359"}],"version-history":[{"count":1,"href":"https:\/\/jm-metropole.com.br\/site\/wp-json\/wp\/v2\/posts\/10359\/revisions"}],"predecessor-version":[{"id":10361,"href":"https:\/\/jm-metropole.com.br\/site\/wp-json\/wp\/v2\/posts\/10359\/revisions\/10361"}],"wp:featuredmedia":[{"embeddable":true,"href":"https:\/\/jm-metropole.com.br\/site\/wp-json\/wp\/v2\/media\/10360"}],"wp:attachment":[{"href":"https:\/\/jm-metropole.com.br\/site\/wp-json\/wp\/v2\/media?parent=10359"}],"wp:term":[{"taxonomy":"category","embeddable":true,"href":"https:\/\/jm-metropole.com.br\/site\/wp-json\/wp\/v2\/categories?post=10359"},{"taxonomy":"post_tag","embeddable":true,"href":"https:\/\/jm-metropole.com.br\/site\/wp-json\/wp\/v2\/tags?post=10359"}],"curies":[{"name":"wp","href":"https:\/\/api.w.org\/{rel}","templated":true}]}}