{"id":10341,"date":"2023-06-27T16:45:35","date_gmt":"2023-06-27T19:45:35","guid":{"rendered":"https:\/\/jm-metropole.com.br\/site\/?p=10341"},"modified":"2023-06-27T16:45:35","modified_gmt":"2023-06-27T19:45:35","slug":"poa-conquista-medalha-de-prata-nos-jogos-abertos-da-juventude-2023","status":"publish","type":"post","link":"https:\/\/jm-metropole.com.br\/site\/poa-conquista-medalha-de-prata-nos-jogos-abertos-da-juventude-2023\/","title":{"rendered":"Po\u00e1 conquista medalha de prata nos Jogos Abertos da Juventude 2023"},"content":{"rendered":"<p>Vice-campe\u00e3s disputaram final da modalidade de T\u00eanis contra cidade de Franca nesta segunda-feira (26\/06)<\/p>\n<p>As tenistas poaenses, Maria Clara e Giovanna Avelino, ambas com 16 anos, que comp\u00f5em a delega\u00e7\u00e3o da Secretaria de Esportes de Po\u00e1, garantiram a medalha de prata na fase final estadual dos 38\u00ba Jogos Abertos da Juventude 2023, realizada na cidade de Tatu\u00ed.<\/p>\n<p>A dupla feminina comandada pelo professor, Alexandre Nogueira, disputou a grande final da modalidade contra a equipe de Franca e ficou com o vice-campeonato. \u201cQuero parabenizar nossas atletas que representaram muito bem nosso munic\u00edpio com garra, dedica\u00e7\u00e3o e disciplina. Elas terminam esse torneio, completamente vitoriosas\u201d, disse o chefe da Pasta, Ricardo Sobral.<\/p>\n<p>A trajet\u00f3ria das poaenses come\u00e7ou no \u00faltimo s\u00e1bado (24\/06) quando as atletas derrotaram a equipe de S\u00e3o Jos\u00e9 dos Campos por 2 sets a 0. J\u00e1 na semifinal, disputada no domingo (25\/06), a dupla de Po\u00e1 superou a tradicional equipe do munic\u00edpio de Santos, por 2 sets a 1.<\/p>\n<p>A prefeita Marcia Bin parabenizou o desempenho das jovens poaenses. \u201c\u00c9 muito gratificante ver nossas meninas conquistando coloca\u00e7\u00f5es como essa. A Maria Clara e a Giovanna trilharam um lindo caminho desde o in\u00edcio da competi\u00e7\u00e3o e foram coroadas com a medalha de prata. Sabemos da import\u00e2ncia do esporte na vida de todos e que por meio dele conseguimos transformar hist\u00f3rias\u201d, disse a chefe do Executivo municipal.<\/p>\n<p>Foto: Divulga\u00e7\u00e3o \/ Secretaria de Esportes \u2013 Po\u00e1<\/p>\n","protected":false},"excerpt":{"rendered":"<p>Vice-campe\u00e3s disputaram final da modalidade de T\u00eanis contra cidade de Franca nesta segunda-feira (26\/06) As tenistas poaenses, Maria Clara e Giovanna Avelino, ambas com 16 anos, que comp\u00f5em a delega\u00e7\u00e3o da Secretaria de Esportes de Po\u00e1, garantiram a medalha de prata na fase final estadual dos 38\u00ba Jogos Abertos da Juventude 2023, realizada na cidade [&hellip;]<\/p>\n","protected":false},"author":1,"featured_media":10342,"comment_status":"open","ping_status":"open","sticky":false,"template":"","format":"standard","meta":{"footnotes":""},"categories":[19],"tags":[],"class_list":{"0":"post-10341","1":"post","2":"type-post","3":"status-publish","4":"format-standard","5":"has-post-thumbnail","7":"category-poa"},"_links":{"self":[{"href":"https:\/\/jm-metropole.com.br\/site\/wp-json\/wp\/v2\/posts\/10341","targetHints":{"allow":["GET"]}}],"collection":[{"href":"https:\/\/jm-metropole.com.br\/site\/wp-json\/wp\/v2\/posts"}],"about":[{"href":"https:\/\/jm-metropole.com.br\/site\/wp-json\/wp\/v2\/types\/post"}],"author":[{"embeddable":true,"href":"https:\/\/jm-metropole.com.br\/site\/wp-json\/wp\/v2\/users\/1"}],"replies":[{"embeddable":true,"href":"https:\/\/jm-metropole.com.br\/site\/wp-json\/wp\/v2\/comments?post=10341"}],"version-history":[{"count":1,"href":"https:\/\/jm-metropole.com.br\/site\/wp-json\/wp\/v2\/posts\/10341\/revisions"}],"predecessor-version":[{"id":10343,"href":"https:\/\/jm-metropole.com.br\/site\/wp-json\/wp\/v2\/posts\/10341\/revisions\/10343"}],"wp:featuredmedia":[{"embeddable":true,"href":"https:\/\/jm-metropole.com.br\/site\/wp-json\/wp\/v2\/media\/10342"}],"wp:attachment":[{"href":"https:\/\/jm-metropole.com.br\/site\/wp-json\/wp\/v2\/media?parent=10341"}],"wp:term":[{"taxonomy":"category","embeddable":true,"href":"https:\/\/jm-metropole.com.br\/site\/wp-json\/wp\/v2\/categories?post=10341"},{"taxonomy":"post_tag","embeddable":true,"href":"https:\/\/jm-metropole.com.br\/site\/wp-json\/wp\/v2\/tags?post=10341"}],"curies":[{"name":"wp","href":"https:\/\/api.w.org\/{rel}","templated":true}]}}