{"id":10329,"date":"2023-06-27T15:33:53","date_gmt":"2023-06-27T18:33:53","guid":{"rendered":"https:\/\/jm-metropole.com.br\/site\/?p=10329"},"modified":"2023-06-27T15:33:53","modified_gmt":"2023-06-27T18:33:53","slug":"caps-inicia-projeto-integrado-e-leva-conscientizacao-sobre-bullying-as-escolas","status":"publish","type":"post","link":"https:\/\/jm-metropole.com.br\/site\/caps-inicia-projeto-integrado-e-leva-conscientizacao-sobre-bullying-as-escolas\/","title":{"rendered":"CAPS INICIA PROJETO INTEGRADO E LEVA CONSCIENTIZA\u00c7\u00c3O SOBRE BULLYING \u00c0S ESCOLAS"},"content":{"rendered":"<p>O Centro de Aten\u00e7\u00e3o Psicossocial (CAPS) de Santa Isabel deu in\u00edcio a um projeto integrado que une a Diretoria de Ensino de Jacare\u00ed, a gest\u00e3o das escolas, os gr\u00eamios estudantis, as Secretarias de Sa\u00fade e de Desenvolvimento Social. O objetivo do projeto, que ganhou o nome de \u201cRenascer na Escola\u201d, \u00e9 levar conscientiza\u00e7\u00e3o sobre bullying \u00e0s unidades de ensino estaduais.<\/p>\n<p>Nesta fase da a\u00e7\u00e3o est\u00e1 acontecendo a instrumentaliza\u00e7\u00e3o do corpo docente de cada uma das unidades. O trabalho vem acontecendo por meio de reuni\u00f5es pontuais com trocas de informa\u00e7\u00f5es. A a\u00e7\u00e3o \u00e9 uma das atribui\u00e7\u00f5es do CAPS, que tamb\u00e9m busca preservar a cidadania da pessoa, o tratamento no territ\u00f3rio e seus v\u00ednculos sociais.<\/p>\n<p>De acordo com a psic\u00f3loga, Renata Vargas do Amaral \u2013 que coordena o CAPS \u2013 o projeto atende a uma alta incid\u00eancia de bullyng registrada no munic\u00edpio. O objetivo do Projeto Renascer na Escola \u00e9 preparar a comunidade escolar para lidar com essa pr\u00e1tica nociva, estendendo a discuss\u00e3o a toda comunidade:<\/p>\n<p>\u201cA meta \u00e9 promover um ambiente mais saud\u00e1vel, aumentar a capacidade de identifica\u00e7\u00e3o de problemas, sobretudo os graves, e poder acionar a rede de sa\u00fade do munic\u00edpio, para que a\u00ed sim possa se trabalhar de forma mais espec\u00edfica a quest\u00e3o da sa\u00fade mental. Muitas vezes, o bullying \u00e9 apenas a pequena parte de um problema maior\u201d, explica.<\/p>\n<p>ENCONTRO<\/p>\n<p>Na \u00faltima semana foi realizado um encontro nas depend\u00eancias do CAPS, que reuniu dezenas de pessoas. Em pauta, esteve a incid\u00eancia do bullying nas unidades escolares, e o impacto da pr\u00e1tica na vida dos alunos. A a\u00e7\u00e3o tem o apoio do professor Minoro Raphael (da Minorul\u00e2ndia), de Aruj\u00e1, que realiza um trabalho voltado \u00e0 educa\u00e7\u00e3o.<\/p>\n<p>O Bullying \u00e9 uma palavra de origem inglesa que significa atos de agress\u00e3o e intimida\u00e7\u00e3o repetitivos contra uma pessoa n\u00e3o aceita por um grupo. A pr\u00e1tica ocorre mais comumente no ambiente escolar. O bullying consiste em agress\u00f5es e intimida\u00e7\u00f5es constantes.<\/p>\n","protected":false},"excerpt":{"rendered":"<p>O Centro de Aten\u00e7\u00e3o Psicossocial (CAPS) de Santa Isabel deu in\u00edcio a um projeto integrado que une a Diretoria de Ensino de Jacare\u00ed, a gest\u00e3o das escolas, os gr\u00eamios estudantis, as Secretarias de Sa\u00fade e de Desenvolvimento Social. O objetivo do projeto, que ganhou o nome de \u201cRenascer na Escola\u201d, \u00e9 levar conscientiza\u00e7\u00e3o sobre bullying [&hellip;]<\/p>\n","protected":false},"author":1,"featured_media":10330,"comment_status":"open","ping_status":"open","sticky":false,"template":"","format":"standard","meta":{"footnotes":""},"categories":[5],"tags":[],"class_list":{"0":"post-10329","1":"post","2":"type-post","3":"status-publish","4":"format-standard","5":"has-post-thumbnail","7":"category-santa-isabel"},"_links":{"self":[{"href":"https:\/\/jm-metropole.com.br\/site\/wp-json\/wp\/v2\/posts\/10329","targetHints":{"allow":["GET"]}}],"collection":[{"href":"https:\/\/jm-metropole.com.br\/site\/wp-json\/wp\/v2\/posts"}],"about":[{"href":"https:\/\/jm-metropole.com.br\/site\/wp-json\/wp\/v2\/types\/post"}],"author":[{"embeddable":true,"href":"https:\/\/jm-metropole.com.br\/site\/wp-json\/wp\/v2\/users\/1"}],"replies":[{"embeddable":true,"href":"https:\/\/jm-metropole.com.br\/site\/wp-json\/wp\/v2\/comments?post=10329"}],"version-history":[{"count":1,"href":"https:\/\/jm-metropole.com.br\/site\/wp-json\/wp\/v2\/posts\/10329\/revisions"}],"predecessor-version":[{"id":10331,"href":"https:\/\/jm-metropole.com.br\/site\/wp-json\/wp\/v2\/posts\/10329\/revisions\/10331"}],"wp:featuredmedia":[{"embeddable":true,"href":"https:\/\/jm-metropole.com.br\/site\/wp-json\/wp\/v2\/media\/10330"}],"wp:attachment":[{"href":"https:\/\/jm-metropole.com.br\/site\/wp-json\/wp\/v2\/media?parent=10329"}],"wp:term":[{"taxonomy":"category","embeddable":true,"href":"https:\/\/jm-metropole.com.br\/site\/wp-json\/wp\/v2\/categories?post=10329"},{"taxonomy":"post_tag","embeddable":true,"href":"https:\/\/jm-metropole.com.br\/site\/wp-json\/wp\/v2\/tags?post=10329"}],"curies":[{"name":"wp","href":"https:\/\/api.w.org\/{rel}","templated":true}]}}