{"id":10326,"date":"2023-06-27T14:29:17","date_gmt":"2023-06-27T17:29:17","guid":{"rendered":"https:\/\/jm-metropole.com.br\/site\/?p=10326"},"modified":"2023-06-27T14:29:17","modified_gmt":"2023-06-27T17:29:17","slug":"veja-todas-as-atracoes-do-7o-festival-de-inverno-de-guararema","status":"publish","type":"post","link":"https:\/\/jm-metropole.com.br\/site\/veja-todas-as-atracoes-do-7o-festival-de-inverno-de-guararema\/","title":{"rendered":"Veja todas as atra\u00e7\u00f5es do 7\u00ba Festival de Inverno de Guararema"},"content":{"rendered":"<p>Entre 29 de junho e 30 de julho, Guararema ter\u00e1 Espa\u00e7o Gastron\u00f4mico, palcos para shows e atividades culturais e muito mais<\/p>\n<p>A s\u00e9tima edi\u00e7\u00e3o do tradicional Festival de Inverno de Guararema est\u00e1 chegando com v\u00e1rias novidades e muitas atra\u00e7\u00f5es ao longo de um m\u00eas de programa\u00e7\u00e3o. Com direito a um robusto Espa\u00e7o Gastron\u00f4mico, a estreia da programa\u00e7\u00e3o ser\u00e1 nesta quinta-feira (29), e as atividades seguem at\u00e9 30 de julho em diferentes endere\u00e7os da cidade.<\/p>\n<p>Enquanto o estacionamento do Recanto do Am\u00e9rico (Pau D\u2019alho) ser\u00e1 palco de diversas para experi\u00eancias gastron\u00f4micas e musicais, a Esta\u00e7\u00e3o Liter\u00e1ria \u201cProfessora Maria de Lourdes \u00c9vora Camargo\u201d e a Vila de Lu\u00eds Carlos recebem experi\u00eancias culturais. Todas as a\u00e7\u00f5es s\u00e3o gratuitas e t\u00eam classifica\u00e7\u00e3o indicativa livre, permitindo a participa\u00e7\u00e3o de toda a fam\u00edlia.<\/p>\n<p>Com o apoio da Prefeitura de Guararema e do Conselho Municipal de Pol\u00edticas P\u00fablicas e Conselho Municipal de Turismo, o Festival de Inverno \u00e9 uma realiza\u00e7\u00e3o da Associa\u00e7\u00e3o Comercial de Guararema e conta com o investimento de patrocinadores.<\/p>\n<p>Espa\u00e7o Gastron\u00f4mico<br \/>\nOrganizado pela Associa\u00e7\u00e3o Comercial de Guararema, pela primeira vez o famoso Espa\u00e7o Gastron\u00f4mico estar\u00e1 no estacionamento do Recanto do Am\u00e9rico (Pau D&#8217;Alho), assim como o palco especial para apresenta\u00e7\u00f5es musicais que acompanham todos os dias de funcionamento do espa\u00e7o.<\/p>\n<p>O Espa\u00e7o Gastron\u00f4mico funcionar\u00e1 das 18 horas \u00e0 meia noite \u00e0s quintas e sextas-feiras, e das 11h30 \u00e0 meia noite aos s\u00e1bados e domingos, sempre com entrada gratuita e clima aconchegante para fam\u00edlias, amigos ou casais apaixonados.<br \/>\nE n\u00e3o faltam op\u00e7\u00f5es culin\u00e1rias. O p\u00fablico pode escolher entre pizza, hamb\u00farguer, fish and chips, pastel, lanche, por\u00e7\u00f5es, comida japonesa, espetinhos, costela no bafo, til\u00e1pia e pratos variados com peixes, vinhos, cervejas, chopp e bebidas quentes, nhoque, panqueca, doces diversos, torresmo e muito mais.<\/p>\n<p>Atra\u00e7\u00f5es musicais e culturais<br \/>\nNo palco do estacionamento do Pau D\u2019alho, o p\u00fablico acompanhar\u00e1 shows ao vivo com Libinha &amp; Eliane, Elton Carlos, Jo\u00e3o Guilherme e Felipe, Geraldo, Francal, Nhyl Ferreira, Bil\u00e9 Jr., Jo\u00e3o Guilherme e Felipe, Siqueira Marks, Claus, Kelly &amp; Alexandre.<\/p>\n<p>J\u00e1 a programa\u00e7\u00e3o promovida pela Secretaria Municipal de Cultura e Turismo tem teatro infantil, espet\u00e1culos teatrais e musicais em diferentes estilos na Esta\u00e7\u00e3o Liter\u00e1ria Professora Maria de Lourdes \u00c9vora Camargo e ainda Encontro de Carros e Motos Antigos e show com Bren\u00f4 na Vila de Lu\u00eds Carlos.<\/p>\n<p>A agenda completa est\u00e1 dispon\u00edvel em https:\/\/guararema.sp.gov.br\/turismo\/calendario-de-eventos\/ .<\/p>\n<p>Mercado Municipal<br \/>\nOp\u00e7\u00e3o para compras de p\u00e3es, doces, flores, embutidos e produtos t\u00edpicos da cidade, o Mercado Municipal \u201cJuvenal Alves Pereira\u201d, que fica na esquina da Pra\u00e7a Coronel Bras\u00edlio da Fonseca com o Boulevard Major Paula Lopes, ter\u00e1 funcionamento normal em todos os dias, ou seja: das 9 \u00e0s 18 horas \u00e0s quintas-feiras, sextas-feiras e s\u00e1bados e das 10 \u00e0s 17 horas no domingo.<\/p>\n<p>Feira Gastron\u00f4mica e Artesanal<br \/>\nA Feira Gastron\u00f4mica e Artesanal de Guararema tamb\u00e9m ser\u00e1 realizada durante todo o per\u00edodo do 7\u00ba Festival de Inverno de Guararema. \u00c0s sextas, das 17 \u00e0s 22 horas, aos s\u00e1bados das 12 \u00e0s 22 horas, e aos domingos, das 12 \u00e0s 20 horas, o Parque de Lazer Professora Deocl\u00e9sia de Almeida Mello ter\u00e1 variadas op\u00e7\u00f5es gastron\u00f4micas e uma s\u00e9rie de mercadorias com o \u201cSelo de Produto Artesanal\u201d, como p\u00e3es integrais, doces, pimentas e outros.<\/p>\n","protected":false},"excerpt":{"rendered":"<p>Entre 29 de junho e 30 de julho, Guararema ter\u00e1 Espa\u00e7o Gastron\u00f4mico, palcos para shows e atividades culturais e muito mais A s\u00e9tima edi\u00e7\u00e3o do tradicional Festival de Inverno de Guararema est\u00e1 chegando com v\u00e1rias novidades e muitas atra\u00e7\u00f5es ao longo de um m\u00eas de programa\u00e7\u00e3o. Com direito a um robusto Espa\u00e7o Gastron\u00f4mico, a estreia [&hellip;]<\/p>\n","protected":false},"author":1,"featured_media":10327,"comment_status":"open","ping_status":"open","sticky":false,"template":"","format":"standard","meta":{"footnotes":""},"categories":[8],"tags":[],"class_list":{"0":"post-10326","1":"post","2":"type-post","3":"status-publish","4":"format-standard","5":"has-post-thumbnail","7":"category-guararema"},"_links":{"self":[{"href":"https:\/\/jm-metropole.com.br\/site\/wp-json\/wp\/v2\/posts\/10326","targetHints":{"allow":["GET"]}}],"collection":[{"href":"https:\/\/jm-metropole.com.br\/site\/wp-json\/wp\/v2\/posts"}],"about":[{"href":"https:\/\/jm-metropole.com.br\/site\/wp-json\/wp\/v2\/types\/post"}],"author":[{"embeddable":true,"href":"https:\/\/jm-metropole.com.br\/site\/wp-json\/wp\/v2\/users\/1"}],"replies":[{"embeddable":true,"href":"https:\/\/jm-metropole.com.br\/site\/wp-json\/wp\/v2\/comments?post=10326"}],"version-history":[{"count":1,"href":"https:\/\/jm-metropole.com.br\/site\/wp-json\/wp\/v2\/posts\/10326\/revisions"}],"predecessor-version":[{"id":10328,"href":"https:\/\/jm-metropole.com.br\/site\/wp-json\/wp\/v2\/posts\/10326\/revisions\/10328"}],"wp:featuredmedia":[{"embeddable":true,"href":"https:\/\/jm-metropole.com.br\/site\/wp-json\/wp\/v2\/media\/10327"}],"wp:attachment":[{"href":"https:\/\/jm-metropole.com.br\/site\/wp-json\/wp\/v2\/media?parent=10326"}],"wp:term":[{"taxonomy":"category","embeddable":true,"href":"https:\/\/jm-metropole.com.br\/site\/wp-json\/wp\/v2\/categories?post=10326"},{"taxonomy":"post_tag","embeddable":true,"href":"https:\/\/jm-metropole.com.br\/site\/wp-json\/wp\/v2\/tags?post=10326"}],"curies":[{"name":"wp","href":"https:\/\/api.w.org\/{rel}","templated":true}]}}