{"id":10323,"date":"2023-06-27T14:21:29","date_gmt":"2023-06-27T17:21:29","guid":{"rendered":"https:\/\/jm-metropole.com.br\/site\/?p=10323"},"modified":"2023-06-27T14:21:29","modified_gmt":"2023-06-27T17:21:29","slug":"o-rodeio-de-santa-isabel-ja-tem-sua-rainha","status":"publish","type":"post","link":"https:\/\/jm-metropole.com.br\/site\/o-rodeio-de-santa-isabel-ja-tem-sua-rainha\/","title":{"rendered":"O RODEIO DE SANTA ISABEL J\u00c1 TEM SUA RAINHA!"},"content":{"rendered":"<p>Em evento realizado na noite de sexta &#8211; feira (23\/06), no Centro Recreativo Esportivo (antigo Viola Dourada) foram anunciadas as tr\u00eas mulheres mais votadas do concurso.<\/p>\n<p>Aclamadas por voto popular, as tr\u00eas selecionadas foram:<\/p>\n<p>Rainha do Rodeio:<br \/>\n21,1% Luana Valaska<\/p>\n<p>Princesa do Rodeio:<br \/>\n14,7% Janne Carla<\/p>\n<p>Madrinha dos Pe\u00f5es : 11,9% Stefany Ortega<\/p>\n<p>O evento contou com desfile das candidatas e foi abrilhantado pelo violeiro, F\u00e1bio Henrique, que tocou m\u00fasicas tradicionais caipiras.<\/p>\n<p>Todo o processo de vota\u00e7\u00e3o foi acompanhado pela Ordem dos Advogados do Brasil (OAB), a fim de garantir a lisura do concurso.<\/p>\n<p>O prefeito, Dr. Carlos Chinchilla, esteve presente no evento e comentou a import\u00e2ncia cultural do concurso:<\/p>\n<p>&#8220;Depois de tempos t\u00e3o dif\u00edceis de pandemia, Santa Isabel merecia esse concurso. Nossa festa n\u00e3o poderia ser melhor representada, as meninas escolhidas por vota\u00e7\u00e3o popular t\u00eam a cara de Santa Isabel! Deixo aqui meus parab\u00e9ns a todas as candidatas. Nossa festa ser\u00e1 um sucesso e voc\u00eas j\u00e1 fazem parte disso&#8221;, finaliza.<\/p>\n","protected":false},"excerpt":{"rendered":"<p>Em evento realizado na noite de sexta &#8211; feira (23\/06), no Centro Recreativo Esportivo (antigo Viola Dourada) foram anunciadas as tr\u00eas mulheres mais votadas do concurso. Aclamadas por voto popular, as tr\u00eas selecionadas foram: Rainha do Rodeio: 21,1% Luana Valaska Princesa do Rodeio: 14,7% Janne Carla Madrinha dos Pe\u00f5es : 11,9% Stefany Ortega O evento [&hellip;]<\/p>\n","protected":false},"author":1,"featured_media":10324,"comment_status":"open","ping_status":"open","sticky":false,"template":"","format":"standard","meta":{"footnotes":""},"categories":[5],"tags":[],"class_list":{"0":"post-10323","1":"post","2":"type-post","3":"status-publish","4":"format-standard","5":"has-post-thumbnail","7":"category-santa-isabel"},"_links":{"self":[{"href":"https:\/\/jm-metropole.com.br\/site\/wp-json\/wp\/v2\/posts\/10323","targetHints":{"allow":["GET"]}}],"collection":[{"href":"https:\/\/jm-metropole.com.br\/site\/wp-json\/wp\/v2\/posts"}],"about":[{"href":"https:\/\/jm-metropole.com.br\/site\/wp-json\/wp\/v2\/types\/post"}],"author":[{"embeddable":true,"href":"https:\/\/jm-metropole.com.br\/site\/wp-json\/wp\/v2\/users\/1"}],"replies":[{"embeddable":true,"href":"https:\/\/jm-metropole.com.br\/site\/wp-json\/wp\/v2\/comments?post=10323"}],"version-history":[{"count":1,"href":"https:\/\/jm-metropole.com.br\/site\/wp-json\/wp\/v2\/posts\/10323\/revisions"}],"predecessor-version":[{"id":10325,"href":"https:\/\/jm-metropole.com.br\/site\/wp-json\/wp\/v2\/posts\/10323\/revisions\/10325"}],"wp:featuredmedia":[{"embeddable":true,"href":"https:\/\/jm-metropole.com.br\/site\/wp-json\/wp\/v2\/media\/10324"}],"wp:attachment":[{"href":"https:\/\/jm-metropole.com.br\/site\/wp-json\/wp\/v2\/media?parent=10323"}],"wp:term":[{"taxonomy":"category","embeddable":true,"href":"https:\/\/jm-metropole.com.br\/site\/wp-json\/wp\/v2\/categories?post=10323"},{"taxonomy":"post_tag","embeddable":true,"href":"https:\/\/jm-metropole.com.br\/site\/wp-json\/wp\/v2\/tags?post=10323"}],"curies":[{"name":"wp","href":"https:\/\/api.w.org\/{rel}","templated":true}]}}