{"id":10320,"date":"2023-06-27T11:56:33","date_gmt":"2023-06-27T14:56:33","guid":{"rendered":"https:\/\/jm-metropole.com.br\/site\/?p=10320"},"modified":"2023-06-27T11:56:33","modified_gmt":"2023-06-27T14:56:33","slug":"executivos-da-unimed-vao-a-alesp-nesta-3a-feira-explicar-cancelamento-de-plano-de-saude-de-autistas","status":"publish","type":"post","link":"https:\/\/jm-metropole.com.br\/site\/executivos-da-unimed-vao-a-alesp-nesta-3a-feira-explicar-cancelamento-de-plano-de-saude-de-autistas\/","title":{"rendered":"Executivos da Unimed v\u00e3o \u00e0 Alesp nesta 3\u00aa feira explicar cancelamento de plano de sa\u00fade de autistas"},"content":{"rendered":"<p>Diretor-presidente da Central Nacional Unimed (CNU), Luiz Paulo Tostes Coimbra, e o superintendente da Unimed Brasil, Jeber Juabre Junior, responder\u00e3o aos questionamentos da Comiss\u00e3o da Pessoa com Defici\u00eancia; convoca\u00e7\u00e3o partiu do deputado estadual Rafa Zimbaldi (Cidadania-SP)<\/p>\n<p>Est\u00e1 marcada para esta 3\u00aa feira (27\/6), \u00e0s 15 horas, no Plen\u00e1rio \u201cJos\u00e9 Bonif\u00e1cio\u201d, da Assembleia Legislativa do Estado de S\u00e3o Paulo (Alesp), a audi\u00eancia com a Unimed Brasil. Os executivos da operadora de sa\u00fade dever\u00e3o prestar esclarecimentos \u00e0 Comiss\u00e3o da Pessoa com Defici\u00eancia sobre o cancelamento de planos de quem tem Transtorno do Espectro Autista (TEA).<\/p>\n<p>Aberta \u00e0 Imprensa, a sess\u00e3o ocorre ap\u00f3s convoca\u00e7\u00e3o, em maio deste ano, do deputado estadual Rafa Zimbaldi (Cidadania-SP). A iniciativa conta com o apoio da deputada Andr\u00e9a Werner (PSB-SP), que tem os direitos das pessoas com defici\u00eancia como bandeira.<\/p>\n<p>Estar\u00e3o presentes, amanh\u00e3, na Alesp, para responder aos questionamentos dos parlamentares, o diretor-presidente da Central Nacional Unimed (CNU), Luiz Paulo Tostes Coimbra, e o superintendente da Unimed Brasil, Jeber Juabre Junior, que, na oportunidade, vai representar o presidente da empresa, Omar Abujamra.<\/p>\n<p>Recentemente, a Unimed comunicou seus clientes autistas sobre a decis\u00e3o (unilateral) que resultou no cancelamento do plano de sa\u00fade, por e-mail e por meio do aplicativo da operadora. A cooperativa alega que o novo reajuste da tabela de servi\u00e7os seria \u201cmuito alto por parte do contratado\u201d.<\/p>\n<p>De acordo com Zimbaldi, a rescis\u00e3o de contrato \u00e9 uma pr\u00e1tica abusiva proibida por lei no Pa\u00eds, sendo que as \u00fanicas possibilidades de isso acontecer s\u00e3o por inadimpl\u00eancia, ou fraude &#8211; o que n\u00e3o \u00e9 o caso.<\/p>\n<p>Al\u00e9m de questionar os executivos da Unimed sobre o ocorrido e, de alguma maneira, tentar reaver a cobertura para os autistas, Zimbaldi quer que o preju\u00edzo n\u00e3o se estenda a demais pessoas com defici\u00eancia e aos idosos, j\u00e1 t\u00e3o prejudicados, periodicamente, pelo aumento exorbitante dos planos de sa\u00fade:<\/p>\n<p>\u201cNosso objetivo \u00e9 que a empresa volte atr\u00e1s quanto a essa medida que prejudica milhares de fam\u00edlias em todo o Pa\u00eds. Pacientes autistas j\u00e1 enfrentam um sem-n\u00famero de dificuldades para prosseguir com o tratamento. Agora, \u00e9 necess\u00e1rio um di\u00e1logo t\u00e9cnico e aprimorado para chegarmos a um acordo que garanta a continuidade do tratamento de pessoas com autismo. S\u00e3o Paulo n\u00e3o poderia se calar frente a essa decis\u00e3o, por isso, a convoca\u00e7\u00e3o\u201d, argumenta Zimbaldi.<\/p>\n<p>Em junho do ano passado, o Superior Tribunal de Justi\u00e7a (STJ) decidiu que as operadoras de sa\u00fade que atuam no Brasil devem continuar oferecendo assist\u00eancia ao benefici\u00e1rio internado, ou em tratamento, mesmo ap\u00f3s rescindir unilateralmente o contrato.<\/p>\n","protected":false},"excerpt":{"rendered":"<p>Diretor-presidente da Central Nacional Unimed (CNU), Luiz Paulo Tostes Coimbra, e o superintendente da Unimed Brasil, Jeber Juabre Junior, responder\u00e3o aos questionamentos da Comiss\u00e3o da Pessoa com Defici\u00eancia; convoca\u00e7\u00e3o partiu do deputado estadual Rafa Zimbaldi (Cidadania-SP) Est\u00e1 marcada para esta 3\u00aa feira (27\/6), \u00e0s 15 horas, no Plen\u00e1rio \u201cJos\u00e9 Bonif\u00e1cio\u201d, da Assembleia Legislativa do Estado [&hellip;]<\/p>\n","protected":false},"author":1,"featured_media":10321,"comment_status":"open","ping_status":"open","sticky":false,"template":"","format":"standard","meta":{"footnotes":""},"categories":[1],"tags":[],"class_list":{"0":"post-10320","1":"post","2":"type-post","3":"status-publish","4":"format-standard","5":"has-post-thumbnail","7":"category-tudo"},"_links":{"self":[{"href":"https:\/\/jm-metropole.com.br\/site\/wp-json\/wp\/v2\/posts\/10320","targetHints":{"allow":["GET"]}}],"collection":[{"href":"https:\/\/jm-metropole.com.br\/site\/wp-json\/wp\/v2\/posts"}],"about":[{"href":"https:\/\/jm-metropole.com.br\/site\/wp-json\/wp\/v2\/types\/post"}],"author":[{"embeddable":true,"href":"https:\/\/jm-metropole.com.br\/site\/wp-json\/wp\/v2\/users\/1"}],"replies":[{"embeddable":true,"href":"https:\/\/jm-metropole.com.br\/site\/wp-json\/wp\/v2\/comments?post=10320"}],"version-history":[{"count":1,"href":"https:\/\/jm-metropole.com.br\/site\/wp-json\/wp\/v2\/posts\/10320\/revisions"}],"predecessor-version":[{"id":10322,"href":"https:\/\/jm-metropole.com.br\/site\/wp-json\/wp\/v2\/posts\/10320\/revisions\/10322"}],"wp:featuredmedia":[{"embeddable":true,"href":"https:\/\/jm-metropole.com.br\/site\/wp-json\/wp\/v2\/media\/10321"}],"wp:attachment":[{"href":"https:\/\/jm-metropole.com.br\/site\/wp-json\/wp\/v2\/media?parent=10320"}],"wp:term":[{"taxonomy":"category","embeddable":true,"href":"https:\/\/jm-metropole.com.br\/site\/wp-json\/wp\/v2\/categories?post=10320"},{"taxonomy":"post_tag","embeddable":true,"href":"https:\/\/jm-metropole.com.br\/site\/wp-json\/wp\/v2\/tags?post=10320"}],"curies":[{"name":"wp","href":"https:\/\/api.w.org\/{rel}","templated":true}]}}