{"id":10317,"date":"2023-06-27T11:49:51","date_gmt":"2023-06-27T14:49:51","guid":{"rendered":"https:\/\/jm-metropole.com.br\/site\/?p=10317"},"modified":"2023-06-27T11:49:51","modified_gmt":"2023-06-27T14:49:51","slug":"agora-e-lei-dia-da-biblia-passa-a-fazer-parte-do-calendario-oficial-de-festividades-de-aruja","status":"publish","type":"post","link":"https:\/\/jm-metropole.com.br\/site\/agora-e-lei-dia-da-biblia-passa-a-fazer-parte-do-calendario-oficial-de-festividades-de-aruja\/","title":{"rendered":"Agora \u00e9 lei: Dia da B\u00edblia passa a fazer parte do Calend\u00e1rio Oficial de Festividades de Aruj\u00e1"},"content":{"rendered":"<p>A autoria da nova lei \u00e9 do vereador Pastor Samoel Maia (Republicanos)<\/p>\n<div class=\"row\">\n<div class=\"col-sm-12 col-md-12 col-lg-12 col-xs-12\">\n<div class=\"col-sm-12 col-md-7 col-lg-7 col-xs-12\">\n<p>Foi inclu\u00eddo no Calend\u00e1rio Oficial de Festividades de Aruj\u00e1 o Dia da B\u00edblia, que ser\u00e1 comemorado anualmente no 2\u00ba domingo do m\u00eas de dezembro. A nova lei (<a href=\"https:\/\/www.prefeituradearuja.sp.gov.br\/Atos\/Leis\/Livro76_OCR\/LEI%203.581_2023_OCR.pdf\">n\u00ba 3581\/2023<\/a>) \u00e9 de autoria do vereador\u00a0<a href=\"https:\/\/www.camaraaruja.sp.gov.br\/Consulta\/Vereadores\/Vereador\/2350\">Pastor Samoel Maia (Republicanos)<\/a>\u00a0e foi publicada no di\u00e1rio oficial no dia 16\/06.<\/p>\n<p>Na justificativa da legisla\u00e7\u00e3o, o vereador destacou que a B\u00edblia \u00e9 o livro mais lido e traduzido do mundo e, por isso, merece uma data para a comemora\u00e7\u00e3o e divulga\u00e7\u00e3o. \u201cTanto para os mais velhos, quanto para os mais jovens\u201d, pontuou.<\/p>\n<p>O Dia da B\u00edblia surgiu em 1549, na Gr\u00e3-Bretanha, quando o Bispo Cranmer incluiu no livro de ora\u00e7\u00f5es do Rei Eduardo VI, uma data em especial para que a popula\u00e7\u00e3o celebrasse a leitura do livro. Aqui no Brasil, o dia come\u00e7ou a ser celebrado em 1850, quando os primeiros mission\u00e1rios crist\u00e3os evang\u00e9licos chegaram da Europa.<\/p>\n<p>A data passou a aparecer no calend\u00e1rio oficial do pa\u00eds em 2001, atrav\u00e9s da Lei Federal n\u00ba 10.335, com a inten\u00e7\u00e3o de incentivar e orientar as realiza\u00e7\u00f5es das entidades religiosas para os fi\u00e9is.<\/p>\n<p>Para conferir essa e outras celebra\u00e7\u00f5es do munic\u00edpio, acesse a lista de comemora\u00e7\u00f5es municipais.<\/p>\n<p>&nbsp;<\/p>\n<\/div>\n<div class=\"col-sm-12 col-md-5 col-lg-5 col-xs-12\">\n<div class=\"parent-container gallery\"><\/div>\n<\/div>\n<\/div>\n<\/div>\n<div class=\"row\"><\/div>\n","protected":false},"excerpt":{"rendered":"<p>A autoria da nova lei \u00e9 do vereador Pastor Samoel Maia (Republicanos) Foi inclu\u00eddo no Calend\u00e1rio Oficial de Festividades de Aruj\u00e1 o Dia da B\u00edblia, que ser\u00e1 comemorado anualmente no 2\u00ba domingo do m\u00eas de dezembro. A nova lei (n\u00ba 3581\/2023) \u00e9 de autoria do vereador\u00a0Pastor Samoel Maia (Republicanos)\u00a0e foi publicada no di\u00e1rio oficial no [&hellip;]<\/p>\n","protected":false},"author":1,"featured_media":10318,"comment_status":"open","ping_status":"open","sticky":false,"template":"","format":"standard","meta":{"footnotes":""},"categories":[1],"tags":[],"class_list":{"0":"post-10317","1":"post","2":"type-post","3":"status-publish","4":"format-standard","5":"has-post-thumbnail","7":"category-tudo"},"_links":{"self":[{"href":"https:\/\/jm-metropole.com.br\/site\/wp-json\/wp\/v2\/posts\/10317","targetHints":{"allow":["GET"]}}],"collection":[{"href":"https:\/\/jm-metropole.com.br\/site\/wp-json\/wp\/v2\/posts"}],"about":[{"href":"https:\/\/jm-metropole.com.br\/site\/wp-json\/wp\/v2\/types\/post"}],"author":[{"embeddable":true,"href":"https:\/\/jm-metropole.com.br\/site\/wp-json\/wp\/v2\/users\/1"}],"replies":[{"embeddable":true,"href":"https:\/\/jm-metropole.com.br\/site\/wp-json\/wp\/v2\/comments?post=10317"}],"version-history":[{"count":1,"href":"https:\/\/jm-metropole.com.br\/site\/wp-json\/wp\/v2\/posts\/10317\/revisions"}],"predecessor-version":[{"id":10319,"href":"https:\/\/jm-metropole.com.br\/site\/wp-json\/wp\/v2\/posts\/10317\/revisions\/10319"}],"wp:featuredmedia":[{"embeddable":true,"href":"https:\/\/jm-metropole.com.br\/site\/wp-json\/wp\/v2\/media\/10318"}],"wp:attachment":[{"href":"https:\/\/jm-metropole.com.br\/site\/wp-json\/wp\/v2\/media?parent=10317"}],"wp:term":[{"taxonomy":"category","embeddable":true,"href":"https:\/\/jm-metropole.com.br\/site\/wp-json\/wp\/v2\/categories?post=10317"},{"taxonomy":"post_tag","embeddable":true,"href":"https:\/\/jm-metropole.com.br\/site\/wp-json\/wp\/v2\/tags?post=10317"}],"curies":[{"name":"wp","href":"https:\/\/api.w.org\/{rel}","templated":true}]}}