{"id":10056,"date":"2023-06-19T11:56:10","date_gmt":"2023-06-19T14:56:10","guid":{"rendered":"https:\/\/jm-metropole.com.br\/site\/?p=10056"},"modified":"2023-06-19T11:56:10","modified_gmt":"2023-06-19T14:56:10","slug":"ataque-a-tiros-em-colegio-estadual-do-parana-deixa-uma-adolescente-morta","status":"publish","type":"post","link":"https:\/\/jm-metropole.com.br\/site\/ataque-a-tiros-em-colegio-estadual-do-parana-deixa-uma-adolescente-morta\/","title":{"rendered":"Ataque a tiros em col\u00e9gio estadual do Paran\u00e1 deixa uma adolescente morta"},"content":{"rendered":"<div>Governador Ratinho J\u00fanior (PSD) decreta luto oficial de tr\u00eas dias no estado<\/div>\n<div><\/div>\n<div>\n<p>Um ex-aluno foi ao Col\u00e9gio Estadual Professora Helena Kolody, invadiu o estabelecimento educacional em Camb\u00e9, no Paran\u00e1, alegando que solicitaria seu hist\u00f3rico escolar, mas quando entrou na institui\u00e7\u00e3o come\u00e7ou a efetuar disparos de arma de fogo contra os estudantes.<\/p>\n<p>Foram atingidos pelos disparos, uma menina e um rapaz, a aluna n\u00e3o resistiu aos ferimentos e faleceu, o rapaz foi internado em um hospital, de acordo com nota do governo do Paran\u00e1. O governador Ratinho J\u00fanior (PSD) decretou luto oficial de tr\u00eas dias e disse via assessoria que lamenta profundamente o ocorrido.<\/p>\n<div class=\"m-banner-wrap m-banner-rectangle m-publicity-content-middle\">\n<div data-google-query-id=\"CNm-9vjGz_8CFa44uQYdGv0ADw\">Depois do tiroteio, o ex-aluno que cometeu o ataque foi detido e levado para Londrina (PR). Os secret\u00e1rios de Seguran\u00e7a P\u00fablica e da Educa\u00e7\u00e3o est\u00e3o a caminho da cidade.<\/div>\n<\/div>\n<\/div>\n<div class=\"texto\"><\/div>\n<div><\/div>\n","protected":false},"excerpt":{"rendered":"<p>Governador Ratinho J\u00fanior (PSD) decreta luto oficial de tr\u00eas dias no estado Um ex-aluno foi ao Col\u00e9gio Estadual Professora Helena Kolody, invadiu o estabelecimento educacional em Camb\u00e9, no Paran\u00e1, alegando que solicitaria seu hist\u00f3rico escolar, mas quando entrou na institui\u00e7\u00e3o come\u00e7ou a efetuar disparos de arma de fogo contra os estudantes. Foram atingidos pelos disparos, [&hellip;]<\/p>\n","protected":false},"author":1,"featured_media":10057,"comment_status":"open","ping_status":"open","sticky":false,"template":"","format":"standard","meta":{"footnotes":""},"categories":[1],"tags":[],"class_list":{"0":"post-10056","1":"post","2":"type-post","3":"status-publish","4":"format-standard","5":"has-post-thumbnail","7":"category-tudo"},"_links":{"self":[{"href":"https:\/\/jm-metropole.com.br\/site\/wp-json\/wp\/v2\/posts\/10056","targetHints":{"allow":["GET"]}}],"collection":[{"href":"https:\/\/jm-metropole.com.br\/site\/wp-json\/wp\/v2\/posts"}],"about":[{"href":"https:\/\/jm-metropole.com.br\/site\/wp-json\/wp\/v2\/types\/post"}],"author":[{"embeddable":true,"href":"https:\/\/jm-metropole.com.br\/site\/wp-json\/wp\/v2\/users\/1"}],"replies":[{"embeddable":true,"href":"https:\/\/jm-metropole.com.br\/site\/wp-json\/wp\/v2\/comments?post=10056"}],"version-history":[{"count":1,"href":"https:\/\/jm-metropole.com.br\/site\/wp-json\/wp\/v2\/posts\/10056\/revisions"}],"predecessor-version":[{"id":10058,"href":"https:\/\/jm-metropole.com.br\/site\/wp-json\/wp\/v2\/posts\/10056\/revisions\/10058"}],"wp:featuredmedia":[{"embeddable":true,"href":"https:\/\/jm-metropole.com.br\/site\/wp-json\/wp\/v2\/media\/10057"}],"wp:attachment":[{"href":"https:\/\/jm-metropole.com.br\/site\/wp-json\/wp\/v2\/media?parent=10056"}],"wp:term":[{"taxonomy":"category","embeddable":true,"href":"https:\/\/jm-metropole.com.br\/site\/wp-json\/wp\/v2\/categories?post=10056"},{"taxonomy":"post_tag","embeddable":true,"href":"https:\/\/jm-metropole.com.br\/site\/wp-json\/wp\/v2\/tags?post=10056"}],"curies":[{"name":"wp","href":"https:\/\/api.w.org\/{rel}","templated":true}]}}