{"id":10049,"date":"2023-06-19T10:53:29","date_gmt":"2023-06-19T13:53:29","guid":{"rendered":"https:\/\/jm-metropole.com.br\/site\/?p=10049"},"modified":"2023-06-19T10:53:29","modified_gmt":"2023-06-19T13:53:29","slug":"vem-ai-festival-de-inverno-de-guararema-esta-confirmado-e-com-novidades","status":"publish","type":"post","link":"https:\/\/jm-metropole.com.br\/site\/vem-ai-festival-de-inverno-de-guararema-esta-confirmado-e-com-novidades\/","title":{"rendered":"Vem a\u00ed: Festival de Inverno de Guararema est\u00e1 confirmado e com novidades"},"content":{"rendered":"<p>A partir de 29 de Junho atra\u00e7\u00f5es do tradicional festival t\u00eam in\u00edcio no munic\u00edpio<\/p>\n<p>O tradicional Festival de Inverno de Guararema, que se encontra em sua s\u00e9tima edi\u00e7\u00e3o, est\u00e1 de volta, com novidades e data marcada para come\u00e7ar. A partir de 29 de junho todas as atra\u00e7\u00f5es musicais, art\u00edsticas e gastron\u00f4micas do festival ser\u00e3o iniciadas, se estendendo at\u00e9 30 de julho.<\/p>\n<p>Dessa vez, o famoso Espa\u00e7o Gastron\u00f4mico vai estar em um ambiente mais amplo e preparado: o estacionamento do Recanto do Am\u00e9rico (Pau D&#8217;Alho), juntamente com o palco especial para apresenta\u00e7\u00f5es musicais que acompanham todos os dias de funcionamento do espa\u00e7o.<\/p>\n<p>Ainda no Espa\u00e7o Gastron\u00f4mico, v\u00e3o ser diversas op\u00e7\u00f5es de doces, salgados, pratos t\u00edpicos de alta qualidade, esperando as fam\u00edlias de Guararema e os visitantes. Como de costume, o espa\u00e7o funciona de quinta-feira a domingo, sendo aos finais de semana o hor\u00e1rio estendido para a partir das 11h30.<\/p>\n<p>\u201c\u00c9 sempre uma honra anunciarmos a realiza\u00e7\u00e3o de eventos que j\u00e1 se tornaram tradicionais em nosso calend\u00e1rio, e o Festival de Inverno, realizado pela Prefeitura em parceria com a Associa\u00e7\u00e3o Comercial, \u00e9 um \u00f3timo exemplo dessa tradi\u00e7\u00e3o em nossa cidade\u201c, pontua o prefeito Z\u00e9. \u201cNovamente vamos dar todo o apoio necess\u00e1rio para o Espa\u00e7o Gastron\u00f4mico com a certeza de que o festival trar\u00e1 retornos financeiros para nosso com\u00e9rcio, nosso setor hoteleiro e toda a economia de Guararema\u201c, completa.<\/p>\n<p>Ao todo, 22 cont\u00eaineres estar\u00e3o distribu\u00eddos no estacionamento do Pau D&#8217;Alho, com diversas op\u00e7\u00f5es de comidas e bebidas: lanches, doces, cervejas, comida de boteco, fish and chips (peixe e fritas), s\u00e3o alguns dos itens que estar\u00e3o dispon\u00edveis para a compra. No local ainda haver\u00e1 shows ao vivo com artistas locais. A programa\u00e7\u00e3o completa j\u00e1 est\u00e1 dispon\u00edvel no site da Prefeitura de Guararema: guararema.sp.gov.br\/turismo\/calendario-de-eventos.<\/p>\n<p>Na edi\u00e7\u00e3o anterior, realizada em 2022, o movimento ao longo do per\u00edodo de realiza\u00e7\u00e3o do evento foi de cerca de 70 mil pessoas. Na oportunidade, a Secretaria de Cultura e Turismo desempenhou uma pesquisa de satisfa\u00e7\u00e3o com o p\u00fablico presente no festival e houve unanimidade ao dizer que indicariam a cidade e o Festival de Inverno de Guararema para outras pessoas.<\/p>\n<p>Com o apoio da Prefeitura de Guararema, o Festival de Inverno \u00e9 uma realiza\u00e7\u00e3o da Associa\u00e7\u00e3o Comercial de Guararema, o Conselho Municipal de Pol\u00edticas P\u00fablicas e o Conselho Municipal de Turismo, al\u00e9m do investimento de patrocinadores.<\/p>\n","protected":false},"excerpt":{"rendered":"<p>A partir de 29 de Junho atra\u00e7\u00f5es do tradicional festival t\u00eam in\u00edcio no munic\u00edpio O tradicional Festival de Inverno de Guararema, que se encontra em sua s\u00e9tima edi\u00e7\u00e3o, est\u00e1 de volta, com novidades e data marcada para come\u00e7ar. A partir de 29 de junho todas as atra\u00e7\u00f5es musicais, art\u00edsticas e gastron\u00f4micas do festival ser\u00e3o iniciadas, [&hellip;]<\/p>\n","protected":false},"author":1,"featured_media":10050,"comment_status":"open","ping_status":"open","sticky":false,"template":"","format":"standard","meta":{"footnotes":""},"categories":[8],"tags":[],"class_list":{"0":"post-10049","1":"post","2":"type-post","3":"status-publish","4":"format-standard","5":"has-post-thumbnail","7":"category-guararema"},"_links":{"self":[{"href":"https:\/\/jm-metropole.com.br\/site\/wp-json\/wp\/v2\/posts\/10049","targetHints":{"allow":["GET"]}}],"collection":[{"href":"https:\/\/jm-metropole.com.br\/site\/wp-json\/wp\/v2\/posts"}],"about":[{"href":"https:\/\/jm-metropole.com.br\/site\/wp-json\/wp\/v2\/types\/post"}],"author":[{"embeddable":true,"href":"https:\/\/jm-metropole.com.br\/site\/wp-json\/wp\/v2\/users\/1"}],"replies":[{"embeddable":true,"href":"https:\/\/jm-metropole.com.br\/site\/wp-json\/wp\/v2\/comments?post=10049"}],"version-history":[{"count":1,"href":"https:\/\/jm-metropole.com.br\/site\/wp-json\/wp\/v2\/posts\/10049\/revisions"}],"predecessor-version":[{"id":10051,"href":"https:\/\/jm-metropole.com.br\/site\/wp-json\/wp\/v2\/posts\/10049\/revisions\/10051"}],"wp:featuredmedia":[{"embeddable":true,"href":"https:\/\/jm-metropole.com.br\/site\/wp-json\/wp\/v2\/media\/10050"}],"wp:attachment":[{"href":"https:\/\/jm-metropole.com.br\/site\/wp-json\/wp\/v2\/media?parent=10049"}],"wp:term":[{"taxonomy":"category","embeddable":true,"href":"https:\/\/jm-metropole.com.br\/site\/wp-json\/wp\/v2\/categories?post=10049"},{"taxonomy":"post_tag","embeddable":true,"href":"https:\/\/jm-metropole.com.br\/site\/wp-json\/wp\/v2\/tags?post=10049"}],"curies":[{"name":"wp","href":"https:\/\/api.w.org\/{rel}","templated":true}]}}