{"id":10040,"date":"2023-06-19T06:44:54","date_gmt":"2023-06-19T09:44:54","guid":{"rendered":"https:\/\/jm-metropole.com.br\/site\/?p=10040"},"modified":"2023-06-19T06:44:54","modified_gmt":"2023-06-19T09:44:54","slug":"thaise-novais-arrasa-em-show-de-abertura-de-domingo-na-festa-das-nacoes","status":"publish","type":"post","link":"https:\/\/jm-metropole.com.br\/site\/thaise-novais-arrasa-em-show-de-abertura-de-domingo-na-festa-das-nacoes\/","title":{"rendered":"THAISE NOVAIS ARRASA EM SHOW DE ABERTURA DE DOMINGO,  NA FESTA DAS NA\u00c7\u00d5ES"},"content":{"rendered":"<p>\u00daltimo dia da Festa das Na\u00e7\u00f5es, na Pra\u00e7a do Coreto, em Aruj\u00e1, come\u00e7a com a voz potente da cantora gospel arujaense Thaise Novais. Carism\u00e1tica e talentosa, ela envolve a plateia e cria, no frio de 12 graus cent\u00edgrados, uma temperatura de ver\u00e3o. Imposs\u00edvel ficar parado diante de tanta energia! Domingo ainda promete fortes emo\u00e7\u00f5es com o show da cantora gospel Aline Barros, que fecha a noite e a badalada Festa das Na\u00e7\u00f5es. Os festejos celebram os 171 anos de hist\u00f3ria e 64 anos de emancipa\u00e7\u00e3o pol\u00edtica de Aruj\u00e1.<\/p>\n","protected":false},"excerpt":{"rendered":"<p>\u00daltimo dia da Festa das Na\u00e7\u00f5es, na Pra\u00e7a do Coreto, em Aruj\u00e1, come\u00e7a com a voz potente da cantora gospel arujaense Thaise Novais. Carism\u00e1tica e talentosa, ela envolve a plateia e cria, no frio de 12 graus cent\u00edgrados, uma temperatura de ver\u00e3o. Imposs\u00edvel ficar parado diante de tanta energia! Domingo ainda promete fortes emo\u00e7\u00f5es com [&hellip;]<\/p>\n","protected":false},"author":1,"featured_media":10041,"comment_status":"open","ping_status":"open","sticky":false,"template":"","format":"standard","meta":{"footnotes":""},"categories":[4],"tags":[],"class_list":{"0":"post-10040","1":"post","2":"type-post","3":"status-publish","4":"format-standard","5":"has-post-thumbnail","7":"category-aruja"},"_links":{"self":[{"href":"https:\/\/jm-metropole.com.br\/site\/wp-json\/wp\/v2\/posts\/10040","targetHints":{"allow":["GET"]}}],"collection":[{"href":"https:\/\/jm-metropole.com.br\/site\/wp-json\/wp\/v2\/posts"}],"about":[{"href":"https:\/\/jm-metropole.com.br\/site\/wp-json\/wp\/v2\/types\/post"}],"author":[{"embeddable":true,"href":"https:\/\/jm-metropole.com.br\/site\/wp-json\/wp\/v2\/users\/1"}],"replies":[{"embeddable":true,"href":"https:\/\/jm-metropole.com.br\/site\/wp-json\/wp\/v2\/comments?post=10040"}],"version-history":[{"count":1,"href":"https:\/\/jm-metropole.com.br\/site\/wp-json\/wp\/v2\/posts\/10040\/revisions"}],"predecessor-version":[{"id":10042,"href":"https:\/\/jm-metropole.com.br\/site\/wp-json\/wp\/v2\/posts\/10040\/revisions\/10042"}],"wp:featuredmedia":[{"embeddable":true,"href":"https:\/\/jm-metropole.com.br\/site\/wp-json\/wp\/v2\/media\/10041"}],"wp:attachment":[{"href":"https:\/\/jm-metropole.com.br\/site\/wp-json\/wp\/v2\/media?parent=10040"}],"wp:term":[{"taxonomy":"category","embeddable":true,"href":"https:\/\/jm-metropole.com.br\/site\/wp-json\/wp\/v2\/categories?post=10040"},{"taxonomy":"post_tag","embeddable":true,"href":"https:\/\/jm-metropole.com.br\/site\/wp-json\/wp\/v2\/tags?post=10040"}],"curies":[{"name":"wp","href":"https:\/\/api.w.org\/{rel}","templated":true}]}}