{"id":10037,"date":"2023-06-19T06:42:17","date_gmt":"2023-06-19T09:42:17","guid":{"rendered":"https:\/\/jm-metropole.com.br\/site\/?p=10037"},"modified":"2023-06-19T06:42:17","modified_gmt":"2023-06-19T09:42:17","slug":"aline-barros-transborda-amor-na-festa-das-nacoes","status":"publish","type":"post","link":"https:\/\/jm-metropole.com.br\/site\/aline-barros-transborda-amor-na-festa-das-nacoes\/","title":{"rendered":"ALINE BARROS TRANSBORDA AMOR NA FESTA DAS NA\u00c7\u00d5ES"},"content":{"rendered":"<p>P\u00fablico canta e dan\u00e7a com uma das maiores expoentes da m\u00fasica gospel no Brasil, encerrando com pura emo\u00e7\u00e3o o evento que registrou mais de 20 mil visitantes ao longo de 12 dias<\/p>\n<p>Um megashow que transbordou amor foi o presente trazido para Aruj\u00e1 por Aline Barros, uma das maiores cantoras gospel do Brasil. Neste domingo (18), ela encerrou a Festa das Na\u00e7\u00f5es, evento realizado na Pra\u00e7a do Coreto, que atraiu mais de 20 mil visitantes, ao longo de 12 dias. A apresenta\u00e7\u00e3o da ganhadora de oito Grammys Latinos consagrou o sucesso de mais uma edi\u00e7\u00e3o da festividade que se consolidou como tradi\u00e7\u00e3o arujaense alicer\u00e7ando a programa\u00e7\u00e3o comemorativa do Anivers\u00e1rio da Cidade.<\/p>\n<p>Coube ao prefeito Luis Camargo, o Dr. Camargo, em companhia da primeira-dama Clau Camargo, a miss\u00e3o do esperado an\u00fancio da noite. Antes de chamar Aline Barros ao palco, ele agradeceu a maci\u00e7a presen\u00e7a da popula\u00e7\u00e3o nos eventos, \u201cque festejou com paz e tranquilidade os 171 anos de hist\u00f3ria e 64 anos de emancipa\u00e7\u00e3o pol\u00edtica de Aruj\u00e1\u201d, o seleto time de artistas locais e regionais, protagonista de apresenta\u00e7\u00f5es memor\u00e1veis durante o per\u00edodo da festa, al\u00e9m das equipes da Prefeitura representadas pelos secret\u00e1rios Juvenil dos Santos (Cultura) e Renan Lucena (Turismo e Lazer).<\/p>\n<p>A cantora, compositora, multi-instrumentista, escritora, empres\u00e1ria, pastora e apresentadora dominou a festa. Com um jeito singular de interagir com o p\u00fablico, Aline promoveu um momento m\u00e1gico ao conclamar todos a ligarem as lanternas dos celulares e balan\u00e7arem as m\u00e3os, no ritmo da m\u00fasica. Formou-se um mar de pontos de luz na Pra\u00e7a do Coreto, dando a impress\u00e3o de uma chuva de b\u00ean\u00e7\u00e3os. Como disse o prefeito, \u201cn\u00e3o poderia ter sido havido uma escolha melhor para encerrar as festividades de anivers\u00e1rio da Cidade\u201d.<\/p>\n<p>Uma festa de fam\u00edlia \u00e9 o conceito que bem se encaixa ao evento. Boa gastronomia capitaneada por barracas de comidas t\u00edpicas de 11 pa\u00edses, parque de divers\u00f5es para alegria da garotada e m\u00fasica de qualidade conquistaram os visitantes no per\u00edodo de 7 a 18 de junho, transformando a por\u00e7\u00e3o central de Aruj\u00e1 num pequeno para\u00edso de del\u00edcias culin\u00e1rias e culturais.<\/p>\n<p>Talentos locais<br \/>\nA voz potente da cantora gospel arujaense Thaise Novais abriu as atra\u00e7\u00f5es da noite. Carism\u00e1tica e talentosa, ela envolveu a plateia e criou, no frio de 12 graus Cent\u00edgrados, uma temperatura de ver\u00e3o. Imposs\u00edvel ficar parado diante de tanta energia! A exemplo dela, outros 19 artistas locais apresentaram-se na Pra\u00e7a do Coreto e no Centro Residencial. Eles foram selecionados pela Secretaria Municipal de Cultura de um total de 100 cadastrados na Pasta para participar das festividades.<\/p>\n<p>Valorizar os talentos arujaenses \u00e9 uma irretoc\u00e1vel filosofia de gest\u00e3o da Prefeitura de Aruj\u00e1. Numa iniciativa in\u00e9dita na hist\u00f3ria da Cidade, a administra\u00e7\u00e3o municipal proporcionou aos artistas que se apresentaram na Festa das Na\u00e7\u00f5es camarins dotados de buffet, ar-condicionado e todo o conforto. Foi resultado de uma parceria com Truckvan.<\/p>\n<p>Cada artista recebeu cach\u00eas que variavam de R$ 1 mil (solo) a R$ 2,5 mil (banda), passando por R$ 1,5 mil (dupla). Os valores s\u00e3o quase dez vezes maiores que aqueles pagos aos talentos locais em gest\u00f5es anteriores, que n\u00e3o tinham a preocupa\u00e7\u00e3o da atual de prestigiar os artistas arujaenses.<\/p>\n<p>O fim do show de Aline Barros n\u00e3o encerrou a festa. Milhares de pessoas circulavam pelas barracas de comidas t\u00edpicas para saborear algum quitute. Houve algumas, como a da Su\u00ed\u00e7a, em que as filas para comprar itens eram gigantescas. Nada abalava a anima\u00e7\u00e3o do p\u00fablico. A Festa das Na\u00e7\u00f5es deixou o conhecido gostinho de quero mais.<\/p>\n","protected":false},"excerpt":{"rendered":"<p>P\u00fablico canta e dan\u00e7a com uma das maiores expoentes da m\u00fasica gospel no Brasil, encerrando com pura emo\u00e7\u00e3o o evento que registrou mais de 20 mil visitantes ao longo de 12 dias Um megashow que transbordou amor foi o presente trazido para Aruj\u00e1 por Aline Barros, uma das maiores cantoras gospel do Brasil. Neste domingo [&hellip;]<\/p>\n","protected":false},"author":1,"featured_media":10038,"comment_status":"open","ping_status":"open","sticky":false,"template":"","format":"standard","meta":{"footnotes":""},"categories":[4],"tags":[],"class_list":{"0":"post-10037","1":"post","2":"type-post","3":"status-publish","4":"format-standard","5":"has-post-thumbnail","7":"category-aruja"},"_links":{"self":[{"href":"https:\/\/jm-metropole.com.br\/site\/wp-json\/wp\/v2\/posts\/10037","targetHints":{"allow":["GET"]}}],"collection":[{"href":"https:\/\/jm-metropole.com.br\/site\/wp-json\/wp\/v2\/posts"}],"about":[{"href":"https:\/\/jm-metropole.com.br\/site\/wp-json\/wp\/v2\/types\/post"}],"author":[{"embeddable":true,"href":"https:\/\/jm-metropole.com.br\/site\/wp-json\/wp\/v2\/users\/1"}],"replies":[{"embeddable":true,"href":"https:\/\/jm-metropole.com.br\/site\/wp-json\/wp\/v2\/comments?post=10037"}],"version-history":[{"count":1,"href":"https:\/\/jm-metropole.com.br\/site\/wp-json\/wp\/v2\/posts\/10037\/revisions"}],"predecessor-version":[{"id":10039,"href":"https:\/\/jm-metropole.com.br\/site\/wp-json\/wp\/v2\/posts\/10037\/revisions\/10039"}],"wp:featuredmedia":[{"embeddable":true,"href":"https:\/\/jm-metropole.com.br\/site\/wp-json\/wp\/v2\/media\/10038"}],"wp:attachment":[{"href":"https:\/\/jm-metropole.com.br\/site\/wp-json\/wp\/v2\/media?parent=10037"}],"wp:term":[{"taxonomy":"category","embeddable":true,"href":"https:\/\/jm-metropole.com.br\/site\/wp-json\/wp\/v2\/categories?post=10037"},{"taxonomy":"post_tag","embeddable":true,"href":"https:\/\/jm-metropole.com.br\/site\/wp-json\/wp\/v2\/tags?post=10037"}],"curies":[{"name":"wp","href":"https:\/\/api.w.org\/{rel}","templated":true}]}}